{"id":1365,"date":"2015-09-16T00:00:00","date_gmt":"2015-09-16T00:00:00","guid":{"rendered":"http:\/\/escuelas.mvl.edu.ar\/ingles\/2015\/09\/16\/nuestra-participacion-en-la-40ta-conferencia-anual-f-a-a-p-i\/"},"modified":"2022-04-14T13:21:07","modified_gmt":"2022-04-14T13:21:07","slug":"nuestra-participacion-en-la-40ta-conferencia-anual-f-a-a-p-i","status":"publish","type":"post","link":"https:\/\/escuelas.mvl.edu.ar\/ingles\/2015\/09\/16\/nuestra-participacion-en-la-40ta-conferencia-anual-f-a-a-p-i\/","title":{"rendered":"Nuestra Participaci\u00f3n en la 40ta. CONFERENCIA ANUAL F.A.A.P.I."},"content":{"rendered":"<p><a href=\"http:\/\/www.entramar.mvl.edu.ar\/wp-content\/uploads\/2015\/09\/LOGO-FAAPI.png\"><\/a><img fetchpriority=\"high\" decoding=\"async\" data-id=\"18636\" src=\"https:\/\/escuelas.mvl.edu.ar\/ingles\/wp-content\/uploads\/sites\/10\/2022\/04\/LOGO-FAAPI-300x74.png\" alt=\"LOGO FAAPI\" width=\"475\" height=\"117\" class=\"  wp-image-18636 aligncenter\" \/><br \/><strong><span style=\"font-size: 18pt;\">\u00a0 \u00a0 \u00a0 \u00a0 \u00a040ta. CONFERENCIA ANUAL F.A.A.P.I.<br \/><\/span><br \/>\n\u00a0 \u00a0 \u00a0 \u00a0 \u00a0 \u00a0 \u00a0 \u00a0 \u00a0 \u201cEFL<\/strong> <strong><em>Classrooms in the New Millennium:\u00a0<\/em><\/strong><br \/><strong><em><br \/>\n\u00a0 \u00a0 \u00a0 \u00a0 \u00a0 \u00a0 \u00a0 \u00a0 \u00a0 \u00a0 \u00a0 \u00a0 \u00a0 \u00a0 \u00a0 \u00a0 \u00a0 \u00a0 \u00a0 \u00a0 \u00a0 \u00a0 \u00a0 \u00a0 \u00a0 \u00a0 Local Developments and Global Concerns\u201d<br \/><\/em><\/strong><\/p>\n<p>\u00a0 \u00a0 \u00a0 \u00a0 \u00a0 \u00a0 \u00a0 \u00a0 \u00a0 \u00a0 \u00a0 \u00a0 \u00a0 24, 25, 26 de septiembre \u2013 Universidad Nacional de C\u00f3rdoba<\/p>\n<p>\u201cLa Conferencia FAAPI 2015, organizada por A.C.P.I., Asociaci\u00f3n de Profesores de Ingl\u00e9s de C\u00f3rdoba, reunir\u00e1 a profesionales de la ense\u00f1anza del idioma ingl\u00e9s de Argentina y otros pa\u00edses para discutir y reflexionar acerca de los desaf\u00edos \u00e1ulicos y los temas concernientes al nuevo milenio. \u00c9stos incluyen la necesidad de humanizar el uso de las TIC en diferentes contextos de aprendizaje, priorizando el aprendizaje y el alumno en un contexto global.\u201d<br \/>\nEn el marco de este congreso, la Coordinadora de ingl\u00e9s de la Secretar\u00eda de Educaci\u00f3n, Prof. Romina Estalles, presentar\u00e1 el modelo de ense\u00f1anza de idioma creado para nuestros Jardines de Infantes Municipales como un modelo flexible de la Era Post-M\u00e9todo, basado en un Dise\u00f1o Curricular para nivel inicial \u00fanico en el sistema educativo nacional.<\/p>\n","protected":false},"excerpt":{"rendered":"<p>\u00a0 \u00a0 \u00a0 \u00a0 \u00a040ta. CONFERENCIA ANUAL F.A.A.P.I. \u00a0 \u00a0 \u00a0 \u00a0 \u00a0 \u00a0 \u00a0 \u00a0 \u00a0 \u201cEFL Classrooms in the New Millennium:\u00a0 \u00a0 \u00a0 \u00a0 \u00a0 \u00a0 \u00a0 \u00a0 \u00a0 \u00a0 \u00a0 \u00a0 \u00a0 \u00a0 \u00a0 \u00a0 \u00a0 \u00a0 \u00a0 \u00a0 \u00a0 \u00a0 \u00a0 \u00a0 \u00a0 \u00a0 \u00a0 Local Developments and Global Concerns\u201d \u00a0 \u00a0 \u00a0 \u00a0 \u00a0 \u00a0 \u00a0 \u00a0 \u00a0 \u00a0 \u00a0 \u00a0 \u00a0 24, 25, 26 de septiembre \u2013 Universidad Nacional de C\u00f3rdoba \u201cLa Conferencia FAAPI 2015, organizada por A.C.P.I., Asociaci\u00f3n de Profesores de Ingl\u00e9s de C\u00f3rdoba, reunir\u00e1 a profesionales de la ense\u00f1anza del idioma ingl\u00e9s de Argentina y otros pa\u00edses para discutir y reflexionar acerca de los desaf\u00edos \u00e1ulicos y los temas concernientes al nuevo milenio. \u00c9stos incluyen la necesidad de humanizar el uso de las TIC en diferentes contextos de aprendizaje, priorizando el aprendizaje y el alumno en un contexto global.\u201d En el marco de este congreso, la Coordinadora de ingl\u00e9s de la Secretar\u00eda de Educaci\u00f3n, Prof. Romina Estalles, presentar\u00e1 el modelo de ense\u00f1anza de idioma creado para nuestros Jardines de Infantes Municipales como un modelo flexible de la Era Post-M\u00e9todo, basado en un Dise\u00f1o Curricular para nivel inicial \u00fanico en el sistema educativo nacional.<\/p>\n","protected":false},"author":1,"featured_media":0,"comment_status":"open","ping_status":"open","sticky":false,"template":"","format":"standard","meta":{"footnotes":""},"categories":[76,77],"tags":[],"class_list":["post-1365","post","type-post","status-publish","format-standard","hentry","category-ingles","category-nivel-inicial"],"_links":{"self":[{"href":"https:\/\/escuelas.mvl.edu.ar\/ingles\/wp-json\/wp\/v2\/posts\/1365","targetHints":{"allow":["GET"]}}],"collection":[{"href":"https:\/\/escuelas.mvl.edu.ar\/ingles\/wp-json\/wp\/v2\/posts"}],"about":[{"href":"https:\/\/escuelas.mvl.edu.ar\/ingles\/wp-json\/wp\/v2\/types\/post"}],"author":[{"embeddable":true,"href":"https:\/\/escuelas.mvl.edu.ar\/ingles\/wp-json\/wp\/v2\/users\/1"}],"replies":[{"embeddable":true,"href":"https:\/\/escuelas.mvl.edu.ar\/ingles\/wp-json\/wp\/v2\/comments?post=1365"}],"version-history":[{"count":1,"href":"https:\/\/escuelas.mvl.edu.ar\/ingles\/wp-json\/wp\/v2\/posts\/1365\/revisions"}],"predecessor-version":[{"id":7462,"href":"https:\/\/escuelas.mvl.edu.ar\/ingles\/wp-json\/wp\/v2\/posts\/1365\/revisions\/7462"}],"wp:attachment":[{"href":"https:\/\/escuelas.mvl.edu.ar\/ingles\/wp-json\/wp\/v2\/media?parent=1365"}],"wp:term":[{"taxonomy":"category","embeddable":true,"href":"https:\/\/escuelas.mvl.edu.ar\/ingles\/wp-json\/wp\/v2\/categories?post=1365"},{"taxonomy":"post_tag","embeddable":true,"href":"https:\/\/escuelas.mvl.edu.ar\/ingles\/wp-json\/wp\/v2\/tags?post=1365"}],"curies":[{"name":"wp","href":"https:\/\/api.w.org\/{rel}","templated":true}]}}