{"id":3746,"date":"2019-12-23T00:00:00","date_gmt":"2019-12-23T00:00:00","guid":{"rendered":"http:\/\/escuelas.mvl.edu.ar\/ingles\/2019\/12\/23\/el-monstruo-de-los-colores-visita-nuestros-jardines\/"},"modified":"2022-04-14T13:21:05","modified_gmt":"2022-04-14T13:21:05","slug":"el-monstruo-de-los-colores-visita-nuestros-jardines","status":"publish","type":"post","link":"https:\/\/escuelas.mvl.edu.ar\/ingles\/2019\/12\/23\/el-monstruo-de-los-colores-visita-nuestros-jardines\/","title":{"rendered":"El Monstruo de los Colores visita nuestros jardines."},"content":{"rendered":"<p><strong>El proyecto anual del \u00e1rea de ingl\u00e9s en nivel inicial se centr\u00f3 en ESI (Educaci\u00f3n Sexual Integral) con el foco puesto en dos ejes centrales: el reconocimiento y manejo de las emociones por un lado y el an\u00e1lisis reflexivo de los estereotipos de g\u00e9nero en cuentos cl\u00e1sicos y canciones infantiles por el otro. Como cierre a este proyecto, las se\u00f1os de ingl\u00e9s visitamos algunos de los jardines de infantes y maternales con la dramatizaci\u00f3n musicalizada del cuento \u00abThe Color Monster\u00bb de Anna Llenas. <\/p>\n<p><a href=\"https:\/\/www.google.com\/intl\/es-419_ar\/slides\/about\/\" target=\"new\" rel=\"noopener noreferrer\"><img decoding=\"async\" src=\"https:\/\/escuelas.mvl.edu.ar\/ingles\/wp-content\/uploads\/sites\/10\/2022\/04\/boton_conquehacerlo.jpg\" width=\"213\" height=\"48\" alt=\"Con qu\u00e9 hacerlo - lGoogle Presentations\" style=\"margin-right:8px\"><\/a><\/p>\n<p><iframe src=\"https:\/\/docs.google.com\/presentation\/d\/e\/2PACX-1vSxtDeqAleMjtBOh9_WGfzcArvtQ4WxU5S52XDJ-YIqidJtLHLwGWGR63il9DfIaQfJCBlYH5XflX2b\/embed?start=true&#038;loop=true&#038;delayms=3000\" frameborder=\"0\" width=\"960\" height=\"569\" allowfullscreen=\"true\" mozallowfullscreen=\"true\" webkitallowfullscreen=\"true\"><\/iframe><\/p>\n","protected":false},"excerpt":{"rendered":"<p>El proyecto anual del \u00e1rea de ingl\u00e9s en nivel inicial se centr\u00f3 en ESI (Educaci\u00f3n Sexual Integral) con el foco puesto en dos ejes centrales: el reconocimiento y manejo de las emociones por un lado y el an\u00e1lisis reflexivo de los estereotipos de g\u00e9nero en cuentos cl\u00e1sicos y canciones infantiles por el otro. Como cierre a este proyecto, las se\u00f1os de ingl\u00e9s visitamos algunos de los jardines de infantes y maternales con la dramatizaci\u00f3n musicalizada del cuento \u00abThe Color Monster\u00bb de Anna Llenas.<\/p>\n","protected":false},"author":1,"featured_media":0,"comment_status":"open","ping_status":"open","sticky":false,"template":"","format":"standard","meta":{"footnotes":""},"categories":[76,77],"tags":[],"class_list":["post-3746","post","type-post","status-publish","format-standard","hentry","category-ingles","category-nivel-inicial"],"_links":{"self":[{"href":"https:\/\/escuelas.mvl.edu.ar\/ingles\/wp-json\/wp\/v2\/posts\/3746","targetHints":{"allow":["GET"]}}],"collection":[{"href":"https:\/\/escuelas.mvl.edu.ar\/ingles\/wp-json\/wp\/v2\/posts"}],"about":[{"href":"https:\/\/escuelas.mvl.edu.ar\/ingles\/wp-json\/wp\/v2\/types\/post"}],"author":[{"embeddable":true,"href":"https:\/\/escuelas.mvl.edu.ar\/ingles\/wp-json\/wp\/v2\/users\/1"}],"replies":[{"embeddable":true,"href":"https:\/\/escuelas.mvl.edu.ar\/ingles\/wp-json\/wp\/v2\/comments?post=3746"}],"version-history":[{"count":1,"href":"https:\/\/escuelas.mvl.edu.ar\/ingles\/wp-json\/wp\/v2\/posts\/3746\/revisions"}],"predecessor-version":[{"id":7438,"href":"https:\/\/escuelas.mvl.edu.ar\/ingles\/wp-json\/wp\/v2\/posts\/3746\/revisions\/7438"}],"wp:attachment":[{"href":"https:\/\/escuelas.mvl.edu.ar\/ingles\/wp-json\/wp\/v2\/media?parent=3746"}],"wp:term":[{"taxonomy":"category","embeddable":true,"href":"https:\/\/escuelas.mvl.edu.ar\/ingles\/wp-json\/wp\/v2\/categories?post=3746"},{"taxonomy":"post_tag","embeddable":true,"href":"https:\/\/escuelas.mvl.edu.ar\/ingles\/wp-json\/wp\/v2\/tags?post=3746"}],"curies":[{"name":"wp","href":"https:\/\/api.w.org\/{rel}","templated":true}]}}